{"id":1867,"date":"2025-05-26T15:14:05","date_gmt":"2025-05-26T13:14:05","guid":{"rendered":"https:\/\/alfredovergara.com\/estrenamos-nueva-web-un-paso-mas-en-nuestro-compromiso-con-la-excelencia\/"},"modified":"2025-07-08T10:58:49","modified_gmt":"2025-07-08T08:58:49","slug":"estrenem-nova-web-un-pas-mes-en-el-nostre-compromis-amb-lexcellencia","status":"publish","type":"post","link":"https:\/\/alfredovergara.com\/ca\/estrenem-nova-web-un-pas-mes-en-el-nostre-compromis-amb-lexcellencia\/","title":{"rendered":"Estrenem nova web: un pas m\u00e9s en el nostre comprom\u00eds amb l&#8217;excel\u00b7l\u00e8ncia"},"content":{"rendered":"<p>A <strong>Alfredo Vergara S.L.<\/strong> creiem en l&#8217;evoluci\u00f3 constant, adaptar-nos per oferir sempre el millor. Avui fem un pas important amb el llan\u00e7ament de la nostra nova web: un espai m\u00e9s accessible, funcional i alineat amb els nostres valors i visi\u00f3 de futur.<\/p>\n<p>Aquest redisseny no \u00e9s nom\u00e9s una millora est\u00e8tica. \u00c9s una manera de <strong>refor\u00e7ar el nostre comprom\u00eds amb els clients, prove\u00efdors i col\u00b7laboradors<\/strong> que confien en nosaltres des de fa m\u00e9s de 30 anys. Perqu\u00e8 evolucionar tamb\u00e9 significa <strong>escoltar, entendre millor les necessitats del sector<\/strong> i oferir una experi\u00e8ncia m\u00e9s clara i \u00fatil a cada interacci\u00f3.<\/p>\n<h2>Un nou espai pensat per a tu<\/h2>\n<p>La nova p\u00e0gina, que pots visitar a alfredovergara.com, ha estat dissenyada per facilitar l&#8217;acc\u00e9s a la informaci\u00f3 rellevant sobre la nostra empresa, els nostres serveis i la nostra manera de treballar.<\/p>\n<p><strong>Transpar\u00e8ncia, proximitat i experi\u00e8ncia<\/strong> s\u00f3n els pilars que hem volgut plasmar a cada secci\u00f3.<\/p>\n<h2>M\u00e9s que una web: una declaraci\u00f3 d\u00b4intencions<\/h2>\n<p>Aquesta renovaci\u00f3 digital \u00e9s tamb\u00e9 una manera de <strong>renovar el nostre comprom\u00eds amb la millora cont\u00ednua.<\/strong> En un sector tan din\u00e0mic com el nostre, mantenir-se actualitzats no \u00e9s una opci\u00f3, \u00e9s una responsabilitat. Per aix\u00f2, a m\u00e9s d&#8217;una nova web, seguim refor\u00e7ant les nostres capacitats t\u00e8cniques, la nostra relaci\u00f3 amb dsm-firmenich i l&#8217;atenci\u00f3 personalitzada que ens caracteritza.<\/p>\n<p>Volem que aquesta plataforma sigui tamb\u00e9 un canal per estar m\u00e9s a prop, compartir novetats i continuar construint relacions de confian\u00e7a.<\/p>\n<h2>Cr\u00e9ixer junts: la nostra motivaci\u00f3 di\u00e0ria<\/h2>\n<p>Darrere de cada aroma, cada aplicaci\u00f3 i cada col\u00b7laboraci\u00f3, hi ha un objectiu com\u00fa: <strong>crear valor.<\/strong> Valor per als nostres clients, ajudant-los a desenvolupar productes que marquen la difer\u00e8ncia al mercat; i valor per a la societat, contribuint a un consum m\u00e9s conscient, sostenible i saludable.<\/p>\n<p>Amb aquesta nova etapa digital, volem estar encara m\u00e9s a prop dels nostres clients actuals i futurs, mostrar qui som i per qu\u00e8 portem m\u00e9s de tres d\u00e8cades creixent juntament amb les principals empreses del sector.<\/p>\n<h2>Qu\u00e8 trobar\u00e0s a la nostra nova web?<\/h2>\n<ul>\n<li data-start=\"2670\" data-end=\"2758\">\n<p data-start=\"2672\" data-end=\"2758\">Una presentaci\u00f3 m\u00e9s clara de la nostra hist\u00f2ria i la nostra relaci\u00f3 amb <em data-start=\"2742\" data-end=\"2757\">dsm-firmenich<\/em>.<\/p>\n<\/li>\n<li data-start=\"2759\" data-end=\"2845\">\n<p data-start=\"2761\" data-end=\"2845\">Informaci\u00f3 detallada sobre la nostra manera de treballar i els valors que ens defineixen.<\/p>\n<\/li>\n<li data-start=\"2846\" data-end=\"2963\">\n<p data-start=\"2848\" data-end=\"2963\">Acc\u00e9s a documents clau com la nostra <a href=\"https:\/\/alfredovergara.com\/wp-content\/uploads\/RESPONSABILITAT-SOCIAL-CORPORATIVA.pdf\" target=\"_blank\" rel=\"noopener\"><strong data-start=\"2887\" data-end=\"2934\">Norma de Responsabilitat Social Corporativa<\/strong><\/a> i el <a href=\"https:\/\/alfredovergara.com\/wp-content\/uploads\/CODI-DE-CONDUCTA.pdf\" target=\"_blank\" rel=\"noopener\"><strong data-start=\"2940\" data-end=\"2962\">Codi de Conducta<\/strong><\/a>.<\/p>\n<\/li>\n<li data-start=\"2964\" data-end=\"3097\">\n<p data-start=\"2966\" data-end=\"3097\">Un blog on compartirem not\u00edcies del sector, novetats de producte i reflexions sobre sostenibilitat, innovaci\u00f3 i desenvolupament.<\/p>\n<\/li>\n<\/ul>\n<p>\t\t\t\t\t\t\t\t\t\t\t\t\t\t\t<img fetchpriority=\"high\" decoding=\"async\" width=\"1024\" height=\"683\" src=\"https:\/\/alfredovergara.com\/wp-content\/uploads\/laboratorio-de-homeopatia-min-1024x683.jpg\" alt=\"\" srcset=\"https:\/\/alfredovergara.com\/wp-content\/uploads\/laboratorio-de-homeopatia-min-1024x683.jpg 1024w, https:\/\/alfredovergara.com\/wp-content\/uploads\/laboratorio-de-homeopatia-min-300x200.jpg 300w, https:\/\/alfredovergara.com\/wp-content\/uploads\/laboratorio-de-homeopatia-min-768x513.jpg 768w, https:\/\/alfredovergara.com\/wp-content\/uploads\/laboratorio-de-homeopatia-min-1536x1025.jpg 1536w, https:\/\/alfredovergara.com\/wp-content\/uploads\/laboratorio-de-homeopatia-min-2048x1367.jpg 2048w\" sizes=\"(max-width: 1024px) 100vw, 1024px\" \/>\t\t\t\t\t\t\t\t\t\t\t\t\t\t\t<\/p>\n<h2>Gr\u00e0cies per formar part d&#8217;aquest cam\u00ed<\/h2>\n<ul>\n<li data-start=\"2670\" data-end=\"2758\">\n<p data-start=\"3144\" data-end=\"3386\">Aquest nou web \u00e9s possible gr\u00e0cies a la confian\u00e7a que els nostres clients dipositen en nosaltres cada dia. Continuem treballant amb la mateixa il\u00b7lusi\u00f3 del primer dia, conven\u00e7uts que la <strong>millora constant \u00e9s l&#8217;\u00fanic cam\u00ed cap a l&#8217;excel\u00b7l\u00e8ncia.<\/strong><\/p>\n<p data-start=\"3388\" data-end=\"3551\">Et convidem a explorar <a href=\"https:\/\/alfredovergara.com\/ca\/\">alfredovergara.com<\/a>, con\u00e8ixer totes les seccions i descobrir com podem continuar creixent junts.<\/p>\n<\/li>\n<\/ul>\n","protected":false},"excerpt":{"rendered":"<p>A Alfredo Vergara S.L. creiem en l&#8217;evoluci\u00f3 constant, adaptar-nos per oferir sempre el millor. Avui fem un pas important amb el llan\u00e7ament de la nostra nova web: un espai m\u00e9s accessible, funcional i alineat amb els nostres valors i visi\u00f3 de futur. Aquest redisseny no \u00e9s nom\u00e9s una millora est\u00e8tica. \u00c9s una manera de refor\u00e7ar [&hellip;]<\/p>\n","protected":false},"author":1,"featured_media":1540,"comment_status":"open","ping_status":"open","sticky":false,"template":"","format":"standard","meta":{"_acf_changed":false,"footnotes":""},"categories":[18],"tags":[],"class_list":["post-1867","post","type-post","status-publish","format-standard","has-post-thumbnail","hentry","category-corporate-ca"],"acf":[],"yoast_head":"<!-- This site is optimized with the Yoast SEO plugin v26.6 - https:\/\/yoast.com\/wordpress\/plugins\/seo\/ -->\n<title>Estrenem nova web: un pas m\u00e9s en el nostre comprom\u00eds amb l&#039;excel\u00b7l\u00e8ncia | Alfredo Vergara S.L.<\/title>\n<meta name=\"description\" content=\"Descobreix la nova web d&#039;Alfredo Vergara S.L.: disseny renovat, m\u00e9s accessible i alineat amb el nostre comprom\u00eds de continuar creixent amb els nostres clients, oferint solucions en aromes d&#039;alta qualitat.\" \/>\n<meta name=\"robots\" content=\"index, follow, max-snippet:-1, max-image-preview:large, max-video-preview:-1\" \/>\n<link rel=\"canonical\" href=\"https:\/\/alfredovergara.com\/ca\/estrenem-nova-web-un-pas-mes-en-el-nostre-compromis-amb-lexcellencia\/\" \/>\n<meta property=\"og:locale\" content=\"ca_ES\" \/>\n<meta property=\"og:type\" content=\"article\" \/>\n<meta property=\"og:title\" content=\"Estrenem nova web: un pas m\u00e9s en el nostre comprom\u00eds amb l&#039;excel\u00b7l\u00e8ncia | Alfredo Vergara S.L.\" \/>\n<meta property=\"og:description\" content=\"Descobreix la nova web d&#039;Alfredo Vergara S.L.: disseny renovat, m\u00e9s accessible i alineat amb el nostre comprom\u00eds de continuar creixent amb els nostres clients, oferint solucions en aromes d&#039;alta qualitat.\" \/>\n<meta property=\"og:url\" content=\"https:\/\/alfredovergara.com\/ca\/estrenem-nova-web-un-pas-mes-en-el-nostre-compromis-amb-lexcellencia\/\" \/>\n<meta property=\"og:site_name\" content=\"Alfredo Vergara S.L.\" \/>\n<meta property=\"article:published_time\" content=\"2025-05-26T13:14:05+00:00\" \/>\n<meta property=\"article:modified_time\" content=\"2025-07-08T08:58:49+00:00\" \/>\n<meta property=\"og:image\" content=\"https:\/\/alfredovergara.com\/wp-content\/uploads\/Post-Vergara.jpg\" \/>\n\t<meta property=\"og:image:width\" content=\"2500\" \/>\n\t<meta property=\"og:image:height\" content=\"1667\" \/>\n\t<meta property=\"og:image:type\" content=\"image\/jpeg\" \/>\n<meta name=\"author\" content=\"Alfredo_Vergara\" \/>\n<meta name=\"twitter:card\" content=\"summary_large_image\" \/>\n<meta name=\"twitter:label1\" content=\"Escrit per\" \/>\n\t<meta name=\"twitter:data1\" content=\"Alfredo_Vergara\" \/>\n\t<meta name=\"twitter:label2\" content=\"Temps estimat de lectura\" \/>\n\t<meta name=\"twitter:data2\" content=\"3 minuts\" \/>\n<script type=\"application\/ld+json\" class=\"yoast-schema-graph\">{\"@context\":\"https:\/\/schema.org\",\"@graph\":[{\"@type\":\"WebPage\",\"@id\":\"https:\/\/alfredovergara.com\/ca\/estrenem-nova-web-un-pas-mes-en-el-nostre-compromis-amb-lexcellencia\/\",\"url\":\"https:\/\/alfredovergara.com\/ca\/estrenem-nova-web-un-pas-mes-en-el-nostre-compromis-amb-lexcellencia\/\",\"name\":\"Estrenem nova web: un pas m\u00e9s en el nostre comprom\u00eds amb l'excel\u00b7l\u00e8ncia | Alfredo Vergara S.L.\",\"isPartOf\":{\"@id\":\"https:\/\/alfredovergara.com\/ca\/#website\"},\"primaryImageOfPage\":{\"@id\":\"https:\/\/alfredovergara.com\/ca\/estrenem-nova-web-un-pas-mes-en-el-nostre-compromis-amb-lexcellencia\/#primaryimage\"},\"image\":{\"@id\":\"https:\/\/alfredovergara.com\/ca\/estrenem-nova-web-un-pas-mes-en-el-nostre-compromis-amb-lexcellencia\/#primaryimage\"},\"thumbnailUrl\":\"https:\/\/alfredovergara.com\/wp-content\/uploads\/Post-Vergara.jpg\",\"datePublished\":\"2025-05-26T13:14:05+00:00\",\"dateModified\":\"2025-07-08T08:58:49+00:00\",\"author\":{\"@id\":\"https:\/\/alfredovergara.com\/ca\/#\/schema\/person\/673c4ad9b7c31e9901aeb48a667bb68f\"},\"description\":\"Descobreix la nova web d'Alfredo Vergara S.L.: disseny renovat, m\u00e9s accessible i alineat amb el nostre comprom\u00eds de continuar creixent amb els nostres clients, oferint solucions en aromes d'alta qualitat.\",\"breadcrumb\":{\"@id\":\"https:\/\/alfredovergara.com\/ca\/estrenem-nova-web-un-pas-mes-en-el-nostre-compromis-amb-lexcellencia\/#breadcrumb\"},\"inLanguage\":\"ca\",\"potentialAction\":[{\"@type\":\"ReadAction\",\"target\":[\"https:\/\/alfredovergara.com\/ca\/estrenem-nova-web-un-pas-mes-en-el-nostre-compromis-amb-lexcellencia\/\"]}]},{\"@type\":\"ImageObject\",\"inLanguage\":\"ca\",\"@id\":\"https:\/\/alfredovergara.com\/ca\/estrenem-nova-web-un-pas-mes-en-el-nostre-compromis-amb-lexcellencia\/#primaryimage\",\"url\":\"https:\/\/alfredovergara.com\/wp-content\/uploads\/Post-Vergara.jpg\",\"contentUrl\":\"https:\/\/alfredovergara.com\/wp-content\/uploads\/Post-Vergara.jpg\",\"width\":2500,\"height\":1667,\"caption\":\"Presentaci\u00f3n nueva web Alfredo Vergara SL\"},{\"@type\":\"BreadcrumbList\",\"@id\":\"https:\/\/alfredovergara.com\/ca\/estrenem-nova-web-un-pas-mes-en-el-nostre-compromis-amb-lexcellencia\/#breadcrumb\",\"itemListElement\":[{\"@type\":\"ListItem\",\"position\":1,\"name\":\"Portada\",\"item\":\"https:\/\/alfredovergara.com\/ca\/\"},{\"@type\":\"ListItem\",\"position\":2,\"name\":\"Estrenem nova web: un pas m\u00e9s en el nostre comprom\u00eds amb l&#8217;excel\u00b7l\u00e8ncia\"}]},{\"@type\":\"WebSite\",\"@id\":\"https:\/\/alfredovergara.com\/ca\/#website\",\"url\":\"https:\/\/alfredovergara.com\/ca\/\",\"name\":\"Alfredo Vergara S.L.\",\"description\":\"Distribuidor de Aromas Industriales Firmenich\",\"potentialAction\":[{\"@type\":\"SearchAction\",\"target\":{\"@type\":\"EntryPoint\",\"urlTemplate\":\"https:\/\/alfredovergara.com\/ca\/?s={search_term_string}\"},\"query-input\":{\"@type\":\"PropertyValueSpecification\",\"valueRequired\":true,\"valueName\":\"search_term_string\"}}],\"inLanguage\":\"ca\"},{\"@type\":\"Person\",\"@id\":\"https:\/\/alfredovergara.com\/ca\/#\/schema\/person\/673c4ad9b7c31e9901aeb48a667bb68f\",\"name\":\"Alfredo_Vergara\",\"image\":{\"@type\":\"ImageObject\",\"inLanguage\":\"ca\",\"@id\":\"https:\/\/alfredovergara.com\/ca\/#\/schema\/person\/image\/\",\"url\":\"https:\/\/secure.gravatar.com\/avatar\/b3a7d6c444678b0b9a891df75829cdbc7864fe43042f8b2aaa1f275b788c3acf?s=96&d=mm&r=g\",\"contentUrl\":\"https:\/\/secure.gravatar.com\/avatar\/b3a7d6c444678b0b9a891df75829cdbc7864fe43042f8b2aaa1f275b788c3acf?s=96&d=mm&r=g\",\"caption\":\"Alfredo_Vergara\"},\"sameAs\":[\"https:\/\/alfredovergara.com\"],\"url\":\"https:\/\/alfredovergara.com\/ca\/author\/_superhelefante_\/\"}]}<\/script>\n<!-- \/ Yoast SEO plugin. -->","yoast_head_json":{"title":"Estrenem nova web: un pas m\u00e9s en el nostre comprom\u00eds amb l'excel\u00b7l\u00e8ncia | Alfredo Vergara S.L.","description":"Descobreix la nova web d'Alfredo Vergara S.L.: disseny renovat, m\u00e9s accessible i alineat amb el nostre comprom\u00eds de continuar creixent amb els nostres clients, oferint solucions en aromes d'alta qualitat.","robots":{"index":"index","follow":"follow","max-snippet":"max-snippet:-1","max-image-preview":"max-image-preview:large","max-video-preview":"max-video-preview:-1"},"canonical":"https:\/\/alfredovergara.com\/ca\/estrenem-nova-web-un-pas-mes-en-el-nostre-compromis-amb-lexcellencia\/","og_locale":"ca_ES","og_type":"article","og_title":"Estrenem nova web: un pas m\u00e9s en el nostre comprom\u00eds amb l'excel\u00b7l\u00e8ncia | Alfredo Vergara S.L.","og_description":"Descobreix la nova web d'Alfredo Vergara S.L.: disseny renovat, m\u00e9s accessible i alineat amb el nostre comprom\u00eds de continuar creixent amb els nostres clients, oferint solucions en aromes d'alta qualitat.","og_url":"https:\/\/alfredovergara.com\/ca\/estrenem-nova-web-un-pas-mes-en-el-nostre-compromis-amb-lexcellencia\/","og_site_name":"Alfredo Vergara S.L.","article_published_time":"2025-05-26T13:14:05+00:00","article_modified_time":"2025-07-08T08:58:49+00:00","og_image":[{"width":2500,"height":1667,"url":"https:\/\/alfredovergara.com\/wp-content\/uploads\/Post-Vergara.jpg","type":"image\/jpeg"}],"author":"Alfredo_Vergara","twitter_card":"summary_large_image","twitter_misc":{"Escrit per":"Alfredo_Vergara","Temps estimat de lectura":"3 minuts"},"schema":{"@context":"https:\/\/schema.org","@graph":[{"@type":"WebPage","@id":"https:\/\/alfredovergara.com\/ca\/estrenem-nova-web-un-pas-mes-en-el-nostre-compromis-amb-lexcellencia\/","url":"https:\/\/alfredovergara.com\/ca\/estrenem-nova-web-un-pas-mes-en-el-nostre-compromis-amb-lexcellencia\/","name":"Estrenem nova web: un pas m\u00e9s en el nostre comprom\u00eds amb l'excel\u00b7l\u00e8ncia | Alfredo Vergara S.L.","isPartOf":{"@id":"https:\/\/alfredovergara.com\/ca\/#website"},"primaryImageOfPage":{"@id":"https:\/\/alfredovergara.com\/ca\/estrenem-nova-web-un-pas-mes-en-el-nostre-compromis-amb-lexcellencia\/#primaryimage"},"image":{"@id":"https:\/\/alfredovergara.com\/ca\/estrenem-nova-web-un-pas-mes-en-el-nostre-compromis-amb-lexcellencia\/#primaryimage"},"thumbnailUrl":"https:\/\/alfredovergara.com\/wp-content\/uploads\/Post-Vergara.jpg","datePublished":"2025-05-26T13:14:05+00:00","dateModified":"2025-07-08T08:58:49+00:00","author":{"@id":"https:\/\/alfredovergara.com\/ca\/#\/schema\/person\/673c4ad9b7c31e9901aeb48a667bb68f"},"description":"Descobreix la nova web d'Alfredo Vergara S.L.: disseny renovat, m\u00e9s accessible i alineat amb el nostre comprom\u00eds de continuar creixent amb els nostres clients, oferint solucions en aromes d'alta qualitat.","breadcrumb":{"@id":"https:\/\/alfredovergara.com\/ca\/estrenem-nova-web-un-pas-mes-en-el-nostre-compromis-amb-lexcellencia\/#breadcrumb"},"inLanguage":"ca","potentialAction":[{"@type":"ReadAction","target":["https:\/\/alfredovergara.com\/ca\/estrenem-nova-web-un-pas-mes-en-el-nostre-compromis-amb-lexcellencia\/"]}]},{"@type":"ImageObject","inLanguage":"ca","@id":"https:\/\/alfredovergara.com\/ca\/estrenem-nova-web-un-pas-mes-en-el-nostre-compromis-amb-lexcellencia\/#primaryimage","url":"https:\/\/alfredovergara.com\/wp-content\/uploads\/Post-Vergara.jpg","contentUrl":"https:\/\/alfredovergara.com\/wp-content\/uploads\/Post-Vergara.jpg","width":2500,"height":1667,"caption":"Presentaci\u00f3n nueva web Alfredo Vergara SL"},{"@type":"BreadcrumbList","@id":"https:\/\/alfredovergara.com\/ca\/estrenem-nova-web-un-pas-mes-en-el-nostre-compromis-amb-lexcellencia\/#breadcrumb","itemListElement":[{"@type":"ListItem","position":1,"name":"Portada","item":"https:\/\/alfredovergara.com\/ca\/"},{"@type":"ListItem","position":2,"name":"Estrenem nova web: un pas m\u00e9s en el nostre comprom\u00eds amb l&#8217;excel\u00b7l\u00e8ncia"}]},{"@type":"WebSite","@id":"https:\/\/alfredovergara.com\/ca\/#website","url":"https:\/\/alfredovergara.com\/ca\/","name":"Alfredo Vergara S.L.","description":"Distribuidor de Aromas Industriales Firmenich","potentialAction":[{"@type":"SearchAction","target":{"@type":"EntryPoint","urlTemplate":"https:\/\/alfredovergara.com\/ca\/?s={search_term_string}"},"query-input":{"@type":"PropertyValueSpecification","valueRequired":true,"valueName":"search_term_string"}}],"inLanguage":"ca"},{"@type":"Person","@id":"https:\/\/alfredovergara.com\/ca\/#\/schema\/person\/673c4ad9b7c31e9901aeb48a667bb68f","name":"Alfredo_Vergara","image":{"@type":"ImageObject","inLanguage":"ca","@id":"https:\/\/alfredovergara.com\/ca\/#\/schema\/person\/image\/","url":"https:\/\/secure.gravatar.com\/avatar\/b3a7d6c444678b0b9a891df75829cdbc7864fe43042f8b2aaa1f275b788c3acf?s=96&d=mm&r=g","contentUrl":"https:\/\/secure.gravatar.com\/avatar\/b3a7d6c444678b0b9a891df75829cdbc7864fe43042f8b2aaa1f275b788c3acf?s=96&d=mm&r=g","caption":"Alfredo_Vergara"},"sameAs":["https:\/\/alfredovergara.com"],"url":"https:\/\/alfredovergara.com\/ca\/author\/_superhelefante_\/"}]}},"_links":{"self":[{"href":"https:\/\/alfredovergara.com\/ca\/wp-json\/wp\/v2\/posts\/1867","targetHints":{"allow":["GET"]}}],"collection":[{"href":"https:\/\/alfredovergara.com\/ca\/wp-json\/wp\/v2\/posts"}],"about":[{"href":"https:\/\/alfredovergara.com\/ca\/wp-json\/wp\/v2\/types\/post"}],"author":[{"embeddable":true,"href":"https:\/\/alfredovergara.com\/ca\/wp-json\/wp\/v2\/users\/1"}],"replies":[{"embeddable":true,"href":"https:\/\/alfredovergara.com\/ca\/wp-json\/wp\/v2\/comments?post=1867"}],"version-history":[{"count":5,"href":"https:\/\/alfredovergara.com\/ca\/wp-json\/wp\/v2\/posts\/1867\/revisions"}],"predecessor-version":[{"id":1875,"href":"https:\/\/alfredovergara.com\/ca\/wp-json\/wp\/v2\/posts\/1867\/revisions\/1875"}],"wp:featuredmedia":[{"embeddable":true,"href":"https:\/\/alfredovergara.com\/ca\/wp-json\/wp\/v2\/media\/1540"}],"wp:attachment":[{"href":"https:\/\/alfredovergara.com\/ca\/wp-json\/wp\/v2\/media?parent=1867"}],"wp:term":[{"taxonomy":"category","embeddable":true,"href":"https:\/\/alfredovergara.com\/ca\/wp-json\/wp\/v2\/categories?post=1867"},{"taxonomy":"post_tag","embeddable":true,"href":"https:\/\/alfredovergara.com\/ca\/wp-json\/wp\/v2\/tags?post=1867"}],"curies":[{"name":"wp","href":"https:\/\/api.w.org\/{rel}","templated":true}]}}